{"id":281,"date":"2023-10-04T18:23:15","date_gmt":"2023-10-04T16:23:15","guid":{"rendered":"https:\/\/mepcm.fr\/?p=281"},"modified":"2023-10-04T18:23:15","modified_gmt":"2023-10-04T16:23:15","slug":"frais-dentaires","status":"publish","type":"post","link":"https:\/\/mepcm.fr\/?p=281","title":{"rendered":"Frais dentaires"},"content":{"rendered":"<p><strong>S\u00e9curit\u00e9 sociale\u00a0: vos frais dentaires seront moins bien rembours\u00e9s \u00e0 partir du 1er octobre<\/strong><\/p>\n<p>&nbsp;<\/p>\n<p>A partir du 1er octobre 2023, le niveau de prise en charge des soins dentaires baisse. D\u00e9sormais, les actes de soins seront rembours\u00e9s hauteur de 65% ou 55% du tarif conventionnel de l&rsquo;assurance maladie, contre 70% actuellement.<\/p>\n","protected":false},"excerpt":{"rendered":"<p>S\u00e9curit\u00e9 sociale\u00a0: vos frais dentaires seront moins bien rembours\u00e9s \u00e0 partir du 1er octobre &nbsp; A partir du 1er octobre 2023, le niveau de prise en charge des soins dentaires baisse. D\u00e9sormais, les actes de soins seront rembours\u00e9s hauteur de 65% ou 55% du tarif conventionnel de l&rsquo;assurance maladie, contre 70% actuellement.<\/p>\n","protected":false},"author":1,"featured_media":0,"comment_status":"open","ping_status":"open","sticky":false,"template":"","format":"standard","meta":[],"categories":[4],"tags":[],"_links":{"self":[{"href":"https:\/\/mepcm.fr\/index.php?rest_route=\/wp\/v2\/posts\/281"}],"collection":[{"href":"https:\/\/mepcm.fr\/index.php?rest_route=\/wp\/v2\/posts"}],"about":[{"href":"https:\/\/mepcm.fr\/index.php?rest_route=\/wp\/v2\/types\/post"}],"author":[{"embeddable":true,"href":"https:\/\/mepcm.fr\/index.php?rest_route=\/wp\/v2\/users\/1"}],"replies":[{"embeddable":true,"href":"https:\/\/mepcm.fr\/index.php?rest_route=%2Fwp%2Fv2%2Fcomments&post=281"}],"version-history":[{"count":1,"href":"https:\/\/mepcm.fr\/index.php?rest_route=\/wp\/v2\/posts\/281\/revisions"}],"predecessor-version":[{"id":282,"href":"https:\/\/mepcm.fr\/index.php?rest_route=\/wp\/v2\/posts\/281\/revisions\/282"}],"wp:attachment":[{"href":"https:\/\/mepcm.fr\/index.php?rest_route=%2Fwp%2Fv2%2Fmedia&parent=281"}],"wp:term":[{"taxonomy":"category","embeddable":true,"href":"https:\/\/mepcm.fr\/index.php?rest_route=%2Fwp%2Fv2%2Fcategories&post=281"},{"taxonomy":"post_tag","embeddable":true,"href":"https:\/\/mepcm.fr\/index.php?rest_route=%2Fwp%2Fv2%2Ftags&post=281"}],"curies":[{"name":"wp","href":"https:\/\/api.w.org\/{rel}","templated":true}]}}